{"id":337,"date":"2020-12-23T13:55:37","date_gmt":"2020-12-23T12:55:37","guid":{"rendered":"https:\/\/cdu-fraktion-hm.de\/wp\/?p=337"},"modified":"2020-12-24T11:24:47","modified_gmt":"2020-12-24T10:24:47","slug":"frohe-weihnachten","status":"publish","type":"post","link":"https:\/\/cdu-fraktion-hm.de\/wp\/?p=337","title":{"rendered":"Frohe Weihnachten"},"content":{"rendered":"\n<div class=\"wp-block-image\"><figure class=\"alignleft size-large is-resized\"><img loading=\"lazy\" decoding=\"async\" src=\"https:\/\/cdu-fraktion-hm.de\/wp\/wp-content\/uploads\/2020\/12\/02.jpg\" alt=\"\" class=\"wp-image-338\" width=\"158\" height=\"158\" srcset=\"https:\/\/cdu-fraktion-hm.de\/wp\/wp-content\/uploads\/2020\/12\/02.jpg 225w, https:\/\/cdu-fraktion-hm.de\/wp\/wp-content\/uploads\/2020\/12\/02-150x150.jpg 150w\" sizes=\"auto, (max-width: 158px) 100vw, 158px\" \/><\/figure><\/div>\n\n\n\n<p>Liebe Besucher\/innen unserer Homepage,<\/p>\n\n\n\n<p>nachdenklich, aber dennoch dankbar blicken wir auf dieses besondere Jahr zur\u00fcck.<\/p>\n\n\n\n<p>Vieles haben wir f\u00fcr unsere Stadt Hameln gemeinsam erreicht, obwohl wir uns auf ganz neue Arbeitsweisen und Arten der Kommunikation einstellen mussten.<\/p>\n\n\n\n<p>Wir haben uns mit den besten Vors\u00e4tzen und Entscheidungen auf das kommende Jahr vorbereitet und hoffen nun sicherlich alle auf eine weiterhin positive Entwicklung.<\/p>\n\n\n\n<p class=\"has-text-align-center\"><span style=\"color:#115001\" class=\"has-inline-color\">Wir<br>w\u00fcnschen<br>Ihnen und Ihren Lieben<br>gem\u00fctliche Weihnachtstage<br>und einen guten Rutsch in ein gl\u00fcckliches<br>&#8211; und hoffentlich weniger einschr\u00e4nkendes &#8211; Jahr &nbsp;<br><\/span><span style=\"color:#5e0303\" class=\"has-inline-color\"><strong>2021<\/strong> <\/span><span style=\"color:#115001\" class=\"has-inline-color\">,<br><\/span><\/p>\n\n\n\n<p class=\"has-text-align-center\">das ja f\u00fcr uns alle wieder ein ganz besonderes Jahr mit vielen Wahlen werden wird&#8230;<\/p>\n\n\n\n<p class=\"has-text-align-center\">Seien Sie alle herzlich gegr\u00fc\u00dft und bleiben Sie uns verbunden!<\/p>\n\n\n\n<p class=\"has-text-align-center\">Im Namen der CDU\/DU-Fraktionsmitglieder<br><strong>Birgit Albrecht<\/strong><br>(Vorsitzende) <\/p>\n","protected":false},"excerpt":{"rendered":"<p>Liebe Besucher\/innen unserer Homepage, nachdenklich, aber dennoch dankbar blicken wir auf dieses besondere Jahr zur\u00fcck. Vieles haben wir f\u00fcr unsere Stadt Hameln gemeinsam erreicht, obwohl wir uns auf ganz neue Arbeitsweisen und Arten der Kommunikation einstellen mussten. Wir haben uns mit den besten Vors\u00e4tzen und Entscheidungen auf das kommende Jahr vorbereitet und hoffen nun sicherlich&#8230;<\/p>\n<p class=\"more-link-wrap\"><a href=\"https:\/\/cdu-fraktion-hm.de\/wp\/?p=337\" class=\"more-link\">Read More<span class=\"screen-reader-text\"> &ldquo;Frohe Weihnachten&rdquo;<\/span> &raquo;<\/a><\/p>\n","protected":false},"author":3,"featured_media":344,"comment_status":"closed","ping_status":"closed","sticky":false,"template":"","format":"standard","meta":{"footnotes":""},"categories":[7],"tags":[],"class_list":["post-337","post","type-post","status-publish","format-standard","has-post-thumbnail","hentry","category-neuigkeiten"],"_links":{"self":[{"href":"https:\/\/cdu-fraktion-hm.de\/wp\/index.php?rest_route=\/wp\/v2\/posts\/337","targetHints":{"allow":["GET"]}}],"collection":[{"href":"https:\/\/cdu-fraktion-hm.de\/wp\/index.php?rest_route=\/wp\/v2\/posts"}],"about":[{"href":"https:\/\/cdu-fraktion-hm.de\/wp\/index.php?rest_route=\/wp\/v2\/types\/post"}],"author":[{"embeddable":true,"href":"https:\/\/cdu-fraktion-hm.de\/wp\/index.php?rest_route=\/wp\/v2\/users\/3"}],"replies":[{"embeddable":true,"href":"https:\/\/cdu-fraktion-hm.de\/wp\/index.php?rest_route=%2Fwp%2Fv2%2Fcomments&post=337"}],"version-history":[{"count":8,"href":"https:\/\/cdu-fraktion-hm.de\/wp\/index.php?rest_route=\/wp\/v2\/posts\/337\/revisions"}],"predecessor-version":[{"id":348,"href":"https:\/\/cdu-fraktion-hm.de\/wp\/index.php?rest_route=\/wp\/v2\/posts\/337\/revisions\/348"}],"wp:featuredmedia":[{"embeddable":true,"href":"https:\/\/cdu-fraktion-hm.de\/wp\/index.php?rest_route=\/wp\/v2\/media\/344"}],"wp:attachment":[{"href":"https:\/\/cdu-fraktion-hm.de\/wp\/index.php?rest_route=%2Fwp%2Fv2%2Fmedia&parent=337"}],"wp:term":[{"taxonomy":"category","embeddable":true,"href":"https:\/\/cdu-fraktion-hm.de\/wp\/index.php?rest_route=%2Fwp%2Fv2%2Fcategories&post=337"},{"taxonomy":"post_tag","embeddable":true,"href":"https:\/\/cdu-fraktion-hm.de\/wp\/index.php?rest_route=%2Fwp%2Fv2%2Ftags&post=337"}],"curies":[{"name":"wp","href":"https:\/\/api.w.org\/{rel}","templated":true}]}}