{"id":369,"date":"2021-04-11T15:56:28","date_gmt":"2021-04-11T13:56:28","guid":{"rendered":"https:\/\/cdu-fraktion-hm.de\/wp\/?p=369"},"modified":"2021-04-11T17:53:36","modified_gmt":"2021-04-11T15:53:36","slug":"wahl-aufstellung-unseres-ob-kandidaten","status":"publish","type":"post","link":"https:\/\/cdu-fraktion-hm.de\/wp\/?p=369","title":{"rendered":"Wahl-Aufstellung unseres OB-Kandidaten"},"content":{"rendered":"\n<div class=\"wp-block-image\"><figure class=\"alignleft size-large is-resized\"><img loading=\"lazy\" decoding=\"async\" src=\"https:\/\/cdu-fraktion-hm.de\/wp\/wp-content\/uploads\/2021\/04\/K1600_IMG_9207-2-768x1024.jpg\" alt=\"\" class=\"wp-image-375\" width=\"393\" height=\"523\" srcset=\"https:\/\/cdu-fraktion-hm.de\/wp\/wp-content\/uploads\/2021\/04\/K1600_IMG_9207-2-768x1024.jpg 768w, https:\/\/cdu-fraktion-hm.de\/wp\/wp-content\/uploads\/2021\/04\/K1600_IMG_9207-2-225x300.jpg 225w, https:\/\/cdu-fraktion-hm.de\/wp\/wp-content\/uploads\/2021\/04\/K1600_IMG_9207-2-1152x1536.jpg 1152w, https:\/\/cdu-fraktion-hm.de\/wp\/wp-content\/uploads\/2021\/04\/K1600_IMG_9207-2-520x693.jpg 520w, https:\/\/cdu-fraktion-hm.de\/wp\/wp-content\/uploads\/2021\/04\/K1600_IMG_9207-2-740x987.jpg 740w, https:\/\/cdu-fraktion-hm.de\/wp\/wp-content\/uploads\/2021\/04\/K1600_IMG_9207-2.jpg 1200w\" sizes=\"auto, (max-width: 393px) 100vw, 393px\" \/><\/figure><\/div>\n\n\n\n<p>Mit gro\u00dfer Freude haben die CDU-Mitglieder in Hameln bereits im November 2020 gefeiert, dass sich unser Oberb\u00fcrgermeister Claudio Griese bei der Kommunalwahl im September 2021 wieder zur Wahl stellen will.<br><br><br>Auf Grund der Corona-Pandemie musste nun f\u00fcr die offizielle Aufstellung des Kandidaten eine neue Form gefunden werden und so wurde die Versammlung in diesem Jahr am 27.03.21 zum ersten Mal digital durchgef\u00fchrt.<\/p>\n\n\n\n<figure class=\"wp-block-image size-large\"><img loading=\"lazy\" decoding=\"async\" width=\"1024\" height=\"768\" src=\"https:\/\/cdu-fraktion-hm.de\/wp\/wp-content\/uploads\/2021\/04\/K1600_IMG_9204-2-1024x768.jpg\" alt=\"\" class=\"wp-image-370\" srcset=\"https:\/\/cdu-fraktion-hm.de\/wp\/wp-content\/uploads\/2021\/04\/K1600_IMG_9204-2-1024x768.jpg 1024w, https:\/\/cdu-fraktion-hm.de\/wp\/wp-content\/uploads\/2021\/04\/K1600_IMG_9204-2-300x225.jpg 300w, https:\/\/cdu-fraktion-hm.de\/wp\/wp-content\/uploads\/2021\/04\/K1600_IMG_9204-2-768x576.jpg 768w, https:\/\/cdu-fraktion-hm.de\/wp\/wp-content\/uploads\/2021\/04\/K1600_IMG_9204-2-1536x1152.jpg 1536w, https:\/\/cdu-fraktion-hm.de\/wp\/wp-content\/uploads\/2021\/04\/K1600_IMG_9204-2-520x390.jpg 520w, https:\/\/cdu-fraktion-hm.de\/wp\/wp-content\/uploads\/2021\/04\/K1600_IMG_9204-2-740x555.jpg 740w, https:\/\/cdu-fraktion-hm.de\/wp\/wp-content\/uploads\/2021\/04\/K1600_IMG_9204-2.jpg 1600w\" sizes=\"auto, (max-width: 1024px) 100vw, 1024px\" \/><\/figure>\n\n\n\n<p>Im Historischen Saal des MONOPOL Hameln war die erforderliche Technik ganz professionell aufgebaut.<\/p>\n\n\n\n<figure class=\"wp-block-image size-large is-resized\"><img loading=\"lazy\" decoding=\"async\" src=\"https:\/\/cdu-fraktion-hm.de\/wp\/wp-content\/uploads\/2021\/04\/K1600_IMG_9219-1024x768.jpg\" alt=\"\" class=\"wp-image-371\" width=\"563\" height=\"422\" srcset=\"https:\/\/cdu-fraktion-hm.de\/wp\/wp-content\/uploads\/2021\/04\/K1600_IMG_9219-1024x768.jpg 1024w, https:\/\/cdu-fraktion-hm.de\/wp\/wp-content\/uploads\/2021\/04\/K1600_IMG_9219-300x225.jpg 300w, https:\/\/cdu-fraktion-hm.de\/wp\/wp-content\/uploads\/2021\/04\/K1600_IMG_9219-768x576.jpg 768w, https:\/\/cdu-fraktion-hm.de\/wp\/wp-content\/uploads\/2021\/04\/K1600_IMG_9219-1536x1152.jpg 1536w, https:\/\/cdu-fraktion-hm.de\/wp\/wp-content\/uploads\/2021\/04\/K1600_IMG_9219-520x390.jpg 520w, https:\/\/cdu-fraktion-hm.de\/wp\/wp-content\/uploads\/2021\/04\/K1600_IMG_9219-740x555.jpg 740w, https:\/\/cdu-fraktion-hm.de\/wp\/wp-content\/uploads\/2021\/04\/K1600_IMG_9219.jpg 1600w\" sizes=\"auto, (max-width: 563px) 100vw, 563px\" \/><\/figure>\n\n\n\n<p><\/p>\n\n\n\n<div class=\"wp-block-image\"><figure class=\"alignleft size-large is-resized\"><img loading=\"lazy\" decoding=\"async\" src=\"https:\/\/cdu-fraktion-hm.de\/wp\/wp-content\/uploads\/2021\/04\/K1600_IMG_9213-3-768x1024.jpg\" alt=\"\" class=\"wp-image-381\" width=\"354\" height=\"472\" srcset=\"https:\/\/cdu-fraktion-hm.de\/wp\/wp-content\/uploads\/2021\/04\/K1600_IMG_9213-3-768x1025.jpg 768w, https:\/\/cdu-fraktion-hm.de\/wp\/wp-content\/uploads\/2021\/04\/K1600_IMG_9213-3-225x300.jpg 225w, https:\/\/cdu-fraktion-hm.de\/wp\/wp-content\/uploads\/2021\/04\/K1600_IMG_9213-3-1151x1536.jpg 1151w, https:\/\/cdu-fraktion-hm.de\/wp\/wp-content\/uploads\/2021\/04\/K1600_IMG_9213-3-520x694.jpg 520w, https:\/\/cdu-fraktion-hm.de\/wp\/wp-content\/uploads\/2021\/04\/K1600_IMG_9213-3-740x987.jpg 740w, https:\/\/cdu-fraktion-hm.de\/wp\/wp-content\/uploads\/2021\/04\/K1600_IMG_9213-3.jpg 1200w\" sizes=\"auto, (max-width: 354px) 100vw, 354px\" \/><\/figure><\/div>\n\n\n\n<p>Matthias &#8222;Matze&#8220; Koch \u00fcbernahm die Moderation und f\u00fchrte souver\u00e4n durch die Veranstaltung.<\/p>\n\n\n\n<figure class=\"wp-block-image size-large\"><img loading=\"lazy\" decoding=\"async\" width=\"1024\" height=\"768\" src=\"https:\/\/cdu-fraktion-hm.de\/wp\/wp-content\/uploads\/2021\/04\/K1600_IMG_9225-2-1024x768.jpg\" alt=\"\" class=\"wp-image-372\" srcset=\"https:\/\/cdu-fraktion-hm.de\/wp\/wp-content\/uploads\/2021\/04\/K1600_IMG_9225-2-1024x768.jpg 1024w, https:\/\/cdu-fraktion-hm.de\/wp\/wp-content\/uploads\/2021\/04\/K1600_IMG_9225-2-300x225.jpg 300w, https:\/\/cdu-fraktion-hm.de\/wp\/wp-content\/uploads\/2021\/04\/K1600_IMG_9225-2-768x576.jpg 768w, https:\/\/cdu-fraktion-hm.de\/wp\/wp-content\/uploads\/2021\/04\/K1600_IMG_9225-2-1536x1152.jpg 1536w, https:\/\/cdu-fraktion-hm.de\/wp\/wp-content\/uploads\/2021\/04\/K1600_IMG_9225-2-520x390.jpg 520w, https:\/\/cdu-fraktion-hm.de\/wp\/wp-content\/uploads\/2021\/04\/K1600_IMG_9225-2-740x555.jpg 740w, https:\/\/cdu-fraktion-hm.de\/wp\/wp-content\/uploads\/2021\/04\/K1600_IMG_9225-2.jpg 1600w\" sizes=\"auto, (max-width: 1024px) 100vw, 1024px\" \/><\/figure>\n\n\n\n<p>Die heimische Bundestagskandidatin der CDU, Mareike Lotte Wulf, brachte in ihrem Gru\u00dfwort ihre Freude und ihre Anerkennung \u00fcber die erneute Kandidatur unseres jetzigen Oberb\u00fcrgermeisters zum Ausdruck. Dieses Amt mit all seinen Herausforderungen noch ein weiteres Mal zu \u00fcbernehmen, sei nicht selbstverst\u00e4ndlich, wie es auch die Fraktionsvorsitzende im Rat der Stadt Hameln, Birgit Albrecht, anschlie\u00dfend anerkennend beschrieb.<\/p>\n\n\n\n<p>Durch die Wahl f\u00fchrte der Vorsitzende des CDU-Stadtverbands Michael Vietz, und er zeigte sich in seinen Worten ebenfalls \u00fcberaus erfreut \u00fcber Claudio Grieses Bereitschaft zu einer erneuten Kandidatur.<\/p>\n\n\n\n<div class=\"wp-block-image\"><figure class=\"aligncenter size-large is-resized\"><img loading=\"lazy\" decoding=\"async\" src=\"https:\/\/cdu-fraktion-hm.de\/wp\/wp-content\/uploads\/2021\/04\/K1600_IMG_9228-2-768x1024.jpg\" alt=\"\" class=\"wp-image-373\" width=\"521\" height=\"695\" srcset=\"https:\/\/cdu-fraktion-hm.de\/wp\/wp-content\/uploads\/2021\/04\/K1600_IMG_9228-2-768x1023.jpg 768w, https:\/\/cdu-fraktion-hm.de\/wp\/wp-content\/uploads\/2021\/04\/K1600_IMG_9228-2-225x300.jpg 225w, https:\/\/cdu-fraktion-hm.de\/wp\/wp-content\/uploads\/2021\/04\/K1600_IMG_9228-2-1153x1536.jpg 1153w, https:\/\/cdu-fraktion-hm.de\/wp\/wp-content\/uploads\/2021\/04\/K1600_IMG_9228-2-520x693.jpg 520w, https:\/\/cdu-fraktion-hm.de\/wp\/wp-content\/uploads\/2021\/04\/K1600_IMG_9228-2-740x986.jpg 740w, https:\/\/cdu-fraktion-hm.de\/wp\/wp-content\/uploads\/2021\/04\/K1600_IMG_9228-2.jpg 1200w\" sizes=\"auto, (max-width: 521px) 100vw, 521px\" \/><\/figure><\/div>\n\n\n\n<p>Claudio Griese beschrieb in seiner umfassenden Aufstellungsrede, welche Pl\u00e4ne und Ziele er als zuk\u00fcnftiger Oberb\u00fcrgermeister &#8222;seiner Stadt Hameln&#8220; fortsetzen bzw. neu anpacken will. <\/p>\n\n\n\n<figure class=\"wp-block-image size-large is-resized\"><img loading=\"lazy\" decoding=\"async\" src=\"https:\/\/cdu-fraktion-hm.de\/wp\/wp-content\/uploads\/2021\/04\/K1600_IMG_9206-2-1024x768.jpg\" alt=\"\" class=\"wp-image-374\" width=\"840\" height=\"630\" srcset=\"https:\/\/cdu-fraktion-hm.de\/wp\/wp-content\/uploads\/2021\/04\/K1600_IMG_9206-2-1024x768.jpg 1024w, https:\/\/cdu-fraktion-hm.de\/wp\/wp-content\/uploads\/2021\/04\/K1600_IMG_9206-2-300x225.jpg 300w, https:\/\/cdu-fraktion-hm.de\/wp\/wp-content\/uploads\/2021\/04\/K1600_IMG_9206-2-768x576.jpg 768w, https:\/\/cdu-fraktion-hm.de\/wp\/wp-content\/uploads\/2021\/04\/K1600_IMG_9206-2-1536x1152.jpg 1536w, https:\/\/cdu-fraktion-hm.de\/wp\/wp-content\/uploads\/2021\/04\/K1600_IMG_9206-2-520x390.jpg 520w, https:\/\/cdu-fraktion-hm.de\/wp\/wp-content\/uploads\/2021\/04\/K1600_IMG_9206-2-740x555.jpg 740w, https:\/\/cdu-fraktion-hm.de\/wp\/wp-content\/uploads\/2021\/04\/K1600_IMG_9206-2.jpg 1600w\" sizes=\"auto, (max-width: 840px) 100vw, 840px\" \/><\/figure>\n\n\n\n<p>Anschlie\u00dfend stellte sich Claudio Griese den Fragen der CDU-Mitglieder im Chat und fand treffende Antworten zu den R\u00fcckfragen des Moderators Matthias Koch.<\/p>\n\n\n\n<figure class=\"wp-block-image size-large is-resized\"><img loading=\"lazy\" decoding=\"async\" src=\"https:\/\/cdu-fraktion-hm.de\/wp\/wp-content\/uploads\/2021\/04\/K1600_IMG_9214-2-1024x768.jpg\" alt=\"\" class=\"wp-image-376\" width=\"613\" height=\"460\" srcset=\"https:\/\/cdu-fraktion-hm.de\/wp\/wp-content\/uploads\/2021\/04\/K1600_IMG_9214-2-1024x768.jpg 1024w, https:\/\/cdu-fraktion-hm.de\/wp\/wp-content\/uploads\/2021\/04\/K1600_IMG_9214-2-300x225.jpg 300w, https:\/\/cdu-fraktion-hm.de\/wp\/wp-content\/uploads\/2021\/04\/K1600_IMG_9214-2-768x576.jpg 768w, https:\/\/cdu-fraktion-hm.de\/wp\/wp-content\/uploads\/2021\/04\/K1600_IMG_9214-2-1536x1153.jpg 1536w, https:\/\/cdu-fraktion-hm.de\/wp\/wp-content\/uploads\/2021\/04\/K1600_IMG_9214-2-520x390.jpg 520w, https:\/\/cdu-fraktion-hm.de\/wp\/wp-content\/uploads\/2021\/04\/K1600_IMG_9214-2-740x555.jpg 740w, https:\/\/cdu-fraktion-hm.de\/wp\/wp-content\/uploads\/2021\/04\/K1600_IMG_9214-2.jpg 1599w\" sizes=\"auto, (max-width: 613px) 100vw, 613px\" \/><\/figure>\n\n\n\n<p>Am folgenden Tag (28.03.2021) war das Wahllokal von 10 &#8211; 16 Uhr ge\u00f6ffnet und alle CDU-Mitglieder durften in dem besonderen Ambiente des historischen Saals ihre Stimme abgeben.<br>Von 73 abgegebenen Stimmen gab es 72 Ja-Stimmen. Somit ist Claudio Griese als OB-Kandidat der CDU Hameln gew\u00e4hlt und wir werden ihn in seinem Wahlkampf sehr gerne und mit besten Kr\u00e4ften unterst\u00fctzen! \ud83d\ude42 <\/p>\n\n\n\n<div class=\"wp-block-image\"><figure class=\"alignleft size-large is-resized\"><img loading=\"lazy\" decoding=\"async\" src=\"https:\/\/cdu-fraktion-hm.de\/wp\/wp-content\/uploads\/2021\/04\/K1600_IMG_9230-2-768x1024.jpg\" alt=\"\" class=\"wp-image-378\" width=\"503\" height=\"671\" srcset=\"https:\/\/cdu-fraktion-hm.de\/wp\/wp-content\/uploads\/2021\/04\/K1600_IMG_9230-2-768x1024.jpg 768w, https:\/\/cdu-fraktion-hm.de\/wp\/wp-content\/uploads\/2021\/04\/K1600_IMG_9230-2-225x300.jpg 225w, https:\/\/cdu-fraktion-hm.de\/wp\/wp-content\/uploads\/2021\/04\/K1600_IMG_9230-2-1152x1536.jpg 1152w, https:\/\/cdu-fraktion-hm.de\/wp\/wp-content\/uploads\/2021\/04\/K1600_IMG_9230-2-520x693.jpg 520w, https:\/\/cdu-fraktion-hm.de\/wp\/wp-content\/uploads\/2021\/04\/K1600_IMG_9230-2-740x987.jpg 740w, https:\/\/cdu-fraktion-hm.de\/wp\/wp-content\/uploads\/2021\/04\/K1600_IMG_9230-2.jpg 1200w\" sizes=\"auto, (max-width: 503px) 100vw, 503px\" \/><figcaption>Der Schatzmeister der CDU Hameln, Stefan Kirsten, hielt zur Gratulation einen herrlichen Blumenstrau\u00df bereit.<\/figcaption><\/figure><\/div>\n","protected":false},"excerpt":{"rendered":"<p>Mit gro\u00dfer Freude haben die CDU-Mitglieder in Hameln bereits im November 2020 gefeiert, dass sich unser Oberb\u00fcrgermeister Claudio Griese bei der Kommunalwahl im September 2021 wieder zur Wahl stellen will. Auf Grund der Corona-Pandemie musste nun f\u00fcr die offizielle Aufstellung des Kandidaten eine neue Form gefunden werden und so wurde die Versammlung in diesem Jahr&#8230;<\/p>\n<p class=\"more-link-wrap\"><a href=\"https:\/\/cdu-fraktion-hm.de\/wp\/?p=369\" class=\"more-link\">Read More<span class=\"screen-reader-text\"> &ldquo;Wahl-Aufstellung unseres OB-Kandidaten&rdquo;<\/span> &raquo;<\/a><\/p>\n","protected":false},"author":3,"featured_media":375,"comment_status":"closed","ping_status":"closed","sticky":false,"template":"","format":"standard","meta":{"footnotes":""},"categories":[1],"tags":[],"class_list":["post-369","post","type-post","status-publish","format-standard","has-post-thumbnail","hentry","category-allgemein"],"_links":{"self":[{"href":"https:\/\/cdu-fraktion-hm.de\/wp\/index.php?rest_route=\/wp\/v2\/posts\/369","targetHints":{"allow":["GET"]}}],"collection":[{"href":"https:\/\/cdu-fraktion-hm.de\/wp\/index.php?rest_route=\/wp\/v2\/posts"}],"about":[{"href":"https:\/\/cdu-fraktion-hm.de\/wp\/index.php?rest_route=\/wp\/v2\/types\/post"}],"author":[{"embeddable":true,"href":"https:\/\/cdu-fraktion-hm.de\/wp\/index.php?rest_route=\/wp\/v2\/users\/3"}],"replies":[{"embeddable":true,"href":"https:\/\/cdu-fraktion-hm.de\/wp\/index.php?rest_route=%2Fwp%2Fv2%2Fcomments&post=369"}],"version-history":[{"count":5,"href":"https:\/\/cdu-fraktion-hm.de\/wp\/index.php?rest_route=\/wp\/v2\/posts\/369\/revisions"}],"predecessor-version":[{"id":384,"href":"https:\/\/cdu-fraktion-hm.de\/wp\/index.php?rest_route=\/wp\/v2\/posts\/369\/revisions\/384"}],"wp:featuredmedia":[{"embeddable":true,"href":"https:\/\/cdu-fraktion-hm.de\/wp\/index.php?rest_route=\/wp\/v2\/media\/375"}],"wp:attachment":[{"href":"https:\/\/cdu-fraktion-hm.de\/wp\/index.php?rest_route=%2Fwp%2Fv2%2Fmedia&parent=369"}],"wp:term":[{"taxonomy":"category","embeddable":true,"href":"https:\/\/cdu-fraktion-hm.de\/wp\/index.php?rest_route=%2Fwp%2Fv2%2Fcategories&post=369"},{"taxonomy":"post_tag","embeddable":true,"href":"https:\/\/cdu-fraktion-hm.de\/wp\/index.php?rest_route=%2Fwp%2Fv2%2Ftags&post=369"}],"curies":[{"name":"wp","href":"https:\/\/api.w.org\/{rel}","templated":true}]}}