{"id":983,"date":"2025-10-15T14:27:59","date_gmt":"2025-10-15T12:27:59","guid":{"rendered":"https:\/\/cdu-fraktion-hm.de\/wp\/?p=983"},"modified":"2025-11-17T11:48:26","modified_gmt":"2025-11-17T10:48:26","slug":"buergerbeteiligung-in-der-suedstadt-wie-wird-mein-spielplatz-aussehen","status":"publish","type":"post","link":"https:\/\/cdu-fraktion-hm.de\/wp\/?p=983","title":{"rendered":"B\u00fcrgerbeteiligung bei der Platzgestaltung in der Altstadt"},"content":{"rendered":"\n<p>Am Freitag hatte die Abteilung \u201eStadtgr\u00fcn\u201c der Hamelner Stadtverwaltung alle Anwohner der Platzstra\u00dfe und der Gro\u00dfen Hofstra\u00dfe und weitere Interessierte zur \u00f6ffentlichen Vorstellung ihrer Ideen zur Umgestaltung des Platzes eingeladen.<\/p>\n\n\n\n<p>Ich habe, wie auch einige B\u00fcrgerinnen und B\u00fcrger des Wohnviertels, die Einladung gerne angenommen und mich vor Ort \u00fcber die Planungen informiert. Hier muss wirklich etwas geschehen, denn der Platz unter den gro\u00dfen B\u00e4umen ist viel zu sch\u00f6n, um ihn in der Altstadt nicht richtig nutzen zu k\u00f6nnen.<\/p>\n\n\n\n<p>Die Kinder freuen sich schon auf neue Spielger\u00e4te und die Erwachsenen auf die \u00d6ffnung und bessere Einsehbarkeit des Platzes, die geplante barrierefreie Zug\u00e4nglichkeit und neue Sitzgelegenheiten unter den B\u00e4umen. <\/p>\n\n\n\n<p>Das Geld ist bereits im Haushaltsplan 2026 eingestellt &#8211; dann mal los!! \ud83d\udc4f\ud83c\udffc\ud83d\udc4f\ud83c\udffc\ud83d\udc4f\ud83c\udffc  (Text: Birgit Albrecht)<\/p>\n\n\n<div class=\"wp-block-image\">\n<figure class=\"aligncenter size-full\"><img loading=\"lazy\" decoding=\"async\" width=\"480\" height=\"640\" src=\"https:\/\/cdu-fraktion-hm.de\/wp\/wp-content\/uploads\/2025\/10\/K1024_IMG_0660-rotated.jpg\" alt=\"\" class=\"wp-image-985\" srcset=\"https:\/\/cdu-fraktion-hm.de\/wp\/wp-content\/uploads\/2025\/10\/K1024_IMG_0660-rotated.jpg 480w, https:\/\/cdu-fraktion-hm.de\/wp\/wp-content\/uploads\/2025\/10\/K1024_IMG_0660-225x300.jpg 225w\" sizes=\"auto, (max-width: 480px) 100vw, 480px\" \/><figcaption class=\"wp-element-caption\">Die Stadtverwaltung erl\u00e4utert die unterschiedlichen Konzepte. <\/figcaption><\/figure>\n<\/div>\n\n<div class=\"wp-block-image\">\n<figure class=\"aligncenter size-full\"><img loading=\"lazy\" decoding=\"async\" width=\"480\" height=\"640\" src=\"https:\/\/cdu-fraktion-hm.de\/wp\/wp-content\/uploads\/2025\/10\/K1024_IMG_0664-rotated.jpg\" alt=\"\" class=\"wp-image-986\" srcset=\"https:\/\/cdu-fraktion-hm.de\/wp\/wp-content\/uploads\/2025\/10\/K1024_IMG_0664-rotated.jpg 480w, https:\/\/cdu-fraktion-hm.de\/wp\/wp-content\/uploads\/2025\/10\/K1024_IMG_0664-225x300.jpg 225w\" sizes=\"auto, (max-width: 480px) 100vw, 480px\" \/><figcaption class=\"wp-element-caption\">Zwei Vorschl\u00e4ge der Verwaltung stehen zur Diskussion.<\/figcaption><\/figure>\n<\/div>\n\n<div class=\"wp-block-image\">\n<figure class=\"aligncenter size-full\"><img loading=\"lazy\" decoding=\"async\" width=\"480\" height=\"640\" src=\"https:\/\/cdu-fraktion-hm.de\/wp\/wp-content\/uploads\/2025\/10\/K1024_IMG_0662-1-rotated.jpg\" alt=\"\" class=\"wp-image-989\" srcset=\"https:\/\/cdu-fraktion-hm.de\/wp\/wp-content\/uploads\/2025\/10\/K1024_IMG_0662-1-rotated.jpg 480w, https:\/\/cdu-fraktion-hm.de\/wp\/wp-content\/uploads\/2025\/10\/K1024_IMG_0662-1-225x300.jpg 225w\" sizes=\"auto, (max-width: 480px) 100vw, 480px\" \/><figcaption class=\"wp-element-caption\">&#8222;Wof\u00fcr entscheide ich mich?&#8220;<\/figcaption><\/figure>\n<\/div>\n\n<div class=\"wp-block-image\">\n<figure class=\"aligncenter size-full\"><img loading=\"lazy\" decoding=\"async\" width=\"480\" height=\"640\" src=\"https:\/\/cdu-fraktion-hm.de\/wp\/wp-content\/uploads\/2025\/10\/K1024_IMG_0663-rotated.jpg\" alt=\"\" class=\"wp-image-987\" srcset=\"https:\/\/cdu-fraktion-hm.de\/wp\/wp-content\/uploads\/2025\/10\/K1024_IMG_0663-rotated.jpg 480w, https:\/\/cdu-fraktion-hm.de\/wp\/wp-content\/uploads\/2025\/10\/K1024_IMG_0663-225x300.jpg 225w\" sizes=\"auto, (max-width: 480px) 100vw, 480px\" \/><figcaption class=\"wp-element-caption\">Nach der Abstimmung &#8211; Der Platzsieger in der Platzstra\u00dfe!<\/figcaption><\/figure>\n<\/div>\n\n<div class=\"wp-block-image\">\n<figure class=\"aligncenter size-full\"><img loading=\"lazy\" decoding=\"async\" width=\"458\" height=\"640\" src=\"https:\/\/cdu-fraktion-hm.de\/wp\/wp-content\/uploads\/2025\/10\/K1024_IMG_0667-3.jpg\" alt=\"\" class=\"wp-image-997\" srcset=\"https:\/\/cdu-fraktion-hm.de\/wp\/wp-content\/uploads\/2025\/10\/K1024_IMG_0667-3.jpg 458w, https:\/\/cdu-fraktion-hm.de\/wp\/wp-content\/uploads\/2025\/10\/K1024_IMG_0667-3-215x300.jpg 215w\" sizes=\"auto, (max-width: 458px) 100vw, 458px\" \/><figcaption class=\"wp-element-caption\"><strong>Denn so<\/strong> kann und <strong>wird es nicht bleiben!<\/strong><\/figcaption><\/figure>\n<\/div>\n\n\n<p><\/p>\n","protected":false},"excerpt":{"rendered":"<p>Am Freitag hatte die Abteilung \u201eStadtgr\u00fcn\u201c der Hamelner Stadtverwaltung alle Anwohner der Platzstra\u00dfe und der Gro\u00dfen Hofstra\u00dfe und weitere Interessierte zur \u00f6ffentlichen Vorstellung ihrer Ideen zur Umgestaltung des Platzes eingeladen. Ich habe, wie auch einige B\u00fcrgerinnen und B\u00fcrger des Wohnviertels, die Einladung gerne angenommen und mich vor Ort \u00fcber die Planungen informiert. Hier muss wirklich&#8230;<\/p>\n<p class=\"more-link-wrap\"><a href=\"https:\/\/cdu-fraktion-hm.de\/wp\/?p=983\" class=\"more-link\">Read More<span class=\"screen-reader-text\"> &ldquo;B\u00fcrgerbeteiligung bei der Platzgestaltung in der Altstadt&rdquo;<\/span> &raquo;<\/a><\/p>\n","protected":false},"author":3,"featured_media":994,"comment_status":"closed","ping_status":"closed","sticky":false,"template":"","format":"standard","meta":{"footnotes":""},"categories":[1],"tags":[],"class_list":["post-983","post","type-post","status-publish","format-standard","has-post-thumbnail","hentry","category-allgemein"],"_links":{"self":[{"href":"https:\/\/cdu-fraktion-hm.de\/wp\/index.php?rest_route=\/wp\/v2\/posts\/983","targetHints":{"allow":["GET"]}}],"collection":[{"href":"https:\/\/cdu-fraktion-hm.de\/wp\/index.php?rest_route=\/wp\/v2\/posts"}],"about":[{"href":"https:\/\/cdu-fraktion-hm.de\/wp\/index.php?rest_route=\/wp\/v2\/types\/post"}],"author":[{"embeddable":true,"href":"https:\/\/cdu-fraktion-hm.de\/wp\/index.php?rest_route=\/wp\/v2\/users\/3"}],"replies":[{"embeddable":true,"href":"https:\/\/cdu-fraktion-hm.de\/wp\/index.php?rest_route=%2Fwp%2Fv2%2Fcomments&post=983"}],"version-history":[{"count":6,"href":"https:\/\/cdu-fraktion-hm.de\/wp\/index.php?rest_route=\/wp\/v2\/posts\/983\/revisions"}],"predecessor-version":[{"id":1013,"href":"https:\/\/cdu-fraktion-hm.de\/wp\/index.php?rest_route=\/wp\/v2\/posts\/983\/revisions\/1013"}],"wp:featuredmedia":[{"embeddable":true,"href":"https:\/\/cdu-fraktion-hm.de\/wp\/index.php?rest_route=\/wp\/v2\/media\/994"}],"wp:attachment":[{"href":"https:\/\/cdu-fraktion-hm.de\/wp\/index.php?rest_route=%2Fwp%2Fv2%2Fmedia&parent=983"}],"wp:term":[{"taxonomy":"category","embeddable":true,"href":"https:\/\/cdu-fraktion-hm.de\/wp\/index.php?rest_route=%2Fwp%2Fv2%2Fcategories&post=983"},{"taxonomy":"post_tag","embeddable":true,"href":"https:\/\/cdu-fraktion-hm.de\/wp\/index.php?rest_route=%2Fwp%2Fv2%2Ftags&post=983"}],"curies":[{"name":"wp","href":"https:\/\/api.w.org\/{rel}","templated":true}]}}